{"id":7386,"date":"2024-07-22T15:08:30","date_gmt":"2024-07-22T15:08:30","guid":{"rendered":"https:\/\/colpromat.com\/?p=7386"},"modified":"2024-07-22T15:08:30","modified_gmt":"2024-07-22T15:08:30","slug":"visita-institucional-proyecto-palacio-de-justicia-en-mataro","status":"publish","type":"post","link":"https:\/\/colpromat.com\/es\/visita-institucional-proyecto-palacio-de-justicia-en-mataro\/","title":{"rendered":"VISITA INSTITUCIONAL PROYECTO PALACIO DE JUSTICIA EN MATAR\u00d3"},"content":{"rendered":"<h2 style=\"text-align: justify;\"><strong>El proyecto del Palacio de Justicia en Matar\u00f3 ya se ha licitado y ser\u00e1 una realidad en el a\u00f1o 2028, con una inversi\u00f3n de 9,5 millones de euros<\/strong><\/h2>\n<h4 style=\"text-align: justify;\">La Consellera Ubasart se reuni\u00f3 el viernes 12\/07\/24 en Matar\u00f3 con autoridades judiciales, operadores jur\u00eddicos y representantes locales para presentarles el nuevo proyecto para los Juzgados de la ciudad.<\/h4>\n<p>M\u00e1s informaci\u00f3n: <a href=\"https:\/\/govern.cat\/salapremsa\/notes-premsa\/625422\/el-projecte-del-palau-de-la-justicia-a-mataro-ja-s-ha-licitat-i-sera-una-realitat-l-any-2028-amb-una-inversio-de-9-5-meur\" target=\"_blank\" rel=\"noopener\">El projecte del Palau de la Just\u00edcia a Matar&#8230; &#8211; Govern.cat<\/a><\/p>\n<p>&nbsp;<\/p>\n<p>&nbsp;<\/p>\n","protected":false},"excerpt":{"rendered":"<p>El proyecto del Palacio de Justicia en Matar\u00f3 ya se ha licitado y ser\u00e1 una realidad en el a\u00f1o 2028, con una inversi\u00f3n de 9,5 millones de euros La Consellera Ubasart se reuni\u00f3 el viernes 12\/07\/24 en Matar\u00f3 con autoridades judiciales, operadores jur\u00eddicos y representantes locales para presentarles el nuevo proyecto para los Juzgados de&hellip;<\/p>\n","protected":false},"author":2,"featured_media":7337,"comment_status":"open","ping_status":"closed","sticky":false,"template":"","format":"standard","meta":{"_acf_changed":false,"footnotes":""},"categories":[90],"tags":[],"post_series":[],"acf":[],"yoast_head":"<!-- This site is optimized with the Yoast SEO plugin v22.9 - https:\/\/yoast.com\/wordpress\/plugins\/seo\/ -->\n<title>VISITA INSTITUCIONAL PROYECTO PALACIO DE JUSTICIA EN MATAR\u00d3 - COLPROMAT<\/title>\n<meta name=\"robots\" content=\"index, follow, max-snippet:-1, max-image-preview:large, max-video-preview:-1\" \/>\n<link rel=\"canonical\" href=\"https:\/\/colpromat.com\/es\/visita-institucional-proyecto-palacio-de-justicia-en-mataro\/\" \/>\n<meta property=\"og:locale\" content=\"es_ES\" \/>\n<meta property=\"og:type\" content=\"article\" \/>\n<meta property=\"og:title\" content=\"VISITA INSTITUCIONAL PROYECTO PALACIO DE JUSTICIA EN MATAR\u00d3 - COLPROMAT\" \/>\n<meta property=\"og:description\" content=\"El proyecto del Palacio de Justicia en Matar\u00f3 ya se ha licitado y ser\u00e1 una realidad en el a\u00f1o 2028, con una inversi\u00f3n de 9,5 millones de euros La Consellera Ubasart se reuni\u00f3 el viernes 12\/07\/24 en Matar\u00f3 con autoridades judiciales, operadores jur\u00eddicos y representantes locales para presentarles el nuevo proyecto para los Juzgados de&hellip;\" \/>\n<meta property=\"og:url\" content=\"https:\/\/colpromat.com\/es\/visita-institucional-proyecto-palacio-de-justicia-en-mataro\/\" \/>\n<meta property=\"og:site_name\" content=\"COLPROMAT\" \/>\n<meta property=\"article:published_time\" content=\"2024-07-22T15:08:30+00:00\" \/>\n<meta property=\"og:image\" content=\"https:\/\/colpromat.com\/wp-content\/uploads\/2024\/07\/msg-1001802569155-4036.jpg\" \/>\n\t<meta property=\"og:image:width\" content=\"1280\" \/>\n\t<meta property=\"og:image:height\" content=\"932\" \/>\n\t<meta property=\"og:image:type\" content=\"image\/jpeg\" \/>\n<meta name=\"author\" content=\"colpromat_admin\" \/>\n<meta name=\"twitter:card\" content=\"summary_large_image\" \/>\n<meta name=\"twitter:label1\" content=\"Escrito por\" \/>\n\t<meta name=\"twitter:data1\" content=\"colpromat_admin\" \/>\n\t<meta name=\"twitter:label2\" content=\"Tiempo de lectura\" \/>\n\t<meta name=\"twitter:data2\" content=\"1 minuto\" \/>\n<script type=\"application\/ld+json\" class=\"yoast-schema-graph\">{\"@context\":\"https:\/\/schema.org\",\"@graph\":[{\"@type\":\"Article\",\"@id\":\"https:\/\/colpromat.com\/es\/visita-institucional-proyecto-palacio-de-justicia-en-mataro\/#article\",\"isPartOf\":{\"@id\":\"https:\/\/colpromat.com\/es\/visita-institucional-proyecto-palacio-de-justicia-en-mataro\/\"},\"author\":{\"name\":\"colpromat_admin\",\"@id\":\"https:\/\/colpromat.com\/#\/schema\/person\/694e2844e457a423cfa1be524fc57ac2\"},\"headline\":\"VISITA INSTITUCIONAL PROYECTO PALACIO DE JUSTICIA EN MATAR\u00d3\",\"datePublished\":\"2024-07-22T15:08:30+00:00\",\"dateModified\":\"2024-07-22T15:08:30+00:00\",\"mainEntityOfPage\":{\"@id\":\"https:\/\/colpromat.com\/es\/visita-institucional-proyecto-palacio-de-justicia-en-mataro\/\"},\"wordCount\":84,\"commentCount\":0,\"publisher\":{\"@id\":\"https:\/\/colpromat.com\/#organization\"},\"image\":{\"@id\":\"https:\/\/colpromat.com\/es\/visita-institucional-proyecto-palacio-de-justicia-en-mataro\/#primaryimage\"},\"thumbnailUrl\":\"https:\/\/colpromat.com\/wp-content\/uploads\/2024\/07\/msg-1001802569155-4036.jpg\",\"articleSection\":[\"Sin categorizar\"],\"inLanguage\":\"es\",\"potentialAction\":[{\"@type\":\"CommentAction\",\"name\":\"Comment\",\"target\":[\"https:\/\/colpromat.com\/es\/visita-institucional-proyecto-palacio-de-justicia-en-mataro\/#respond\"]}]},{\"@type\":\"WebPage\",\"@id\":\"https:\/\/colpromat.com\/es\/visita-institucional-proyecto-palacio-de-justicia-en-mataro\/\",\"url\":\"https:\/\/colpromat.com\/es\/visita-institucional-proyecto-palacio-de-justicia-en-mataro\/\",\"name\":\"VISITA INSTITUCIONAL PROYECTO PALACIO DE JUSTICIA EN MATAR\u00d3 - COLPROMAT\",\"isPartOf\":{\"@id\":\"https:\/\/colpromat.com\/#website\"},\"primaryImageOfPage\":{\"@id\":\"https:\/\/colpromat.com\/es\/visita-institucional-proyecto-palacio-de-justicia-en-mataro\/#primaryimage\"},\"image\":{\"@id\":\"https:\/\/colpromat.com\/es\/visita-institucional-proyecto-palacio-de-justicia-en-mataro\/#primaryimage\"},\"thumbnailUrl\":\"https:\/\/colpromat.com\/wp-content\/uploads\/2024\/07\/msg-1001802569155-4036.jpg\",\"datePublished\":\"2024-07-22T15:08:30+00:00\",\"dateModified\":\"2024-07-22T15:08:30+00:00\",\"breadcrumb\":{\"@id\":\"https:\/\/colpromat.com\/es\/visita-institucional-proyecto-palacio-de-justicia-en-mataro\/#breadcrumb\"},\"inLanguage\":\"es\",\"potentialAction\":[{\"@type\":\"ReadAction\",\"target\":[\"https:\/\/colpromat.com\/es\/visita-institucional-proyecto-palacio-de-justicia-en-mataro\/\"]}]},{\"@type\":\"ImageObject\",\"inLanguage\":\"es\",\"@id\":\"https:\/\/colpromat.com\/es\/visita-institucional-proyecto-palacio-de-justicia-en-mataro\/#primaryimage\",\"url\":\"https:\/\/colpromat.com\/wp-content\/uploads\/2024\/07\/msg-1001802569155-4036.jpg\",\"contentUrl\":\"https:\/\/colpromat.com\/wp-content\/uploads\/2024\/07\/msg-1001802569155-4036.jpg\",\"width\":1280,\"height\":932},{\"@type\":\"BreadcrumbList\",\"@id\":\"https:\/\/colpromat.com\/es\/visita-institucional-proyecto-palacio-de-justicia-en-mataro\/#breadcrumb\",\"itemListElement\":[{\"@type\":\"ListItem\",\"position\":1,\"name\":\"Home\",\"item\":\"https:\/\/colpromat.com\/es\/\"},{\"@type\":\"ListItem\",\"position\":2,\"name\":\"VISITA INSTITUCIONAL PROYECTO PALACIO DE JUSTICIA EN MATAR\u00d3\"}]},{\"@type\":\"WebSite\",\"@id\":\"https:\/\/colpromat.com\/#website\",\"url\":\"https:\/\/colpromat.com\/\",\"name\":\"COLPROMAT\",\"description\":\"Col\u00b7legi Procuradors de Matar\u00f3\",\"publisher\":{\"@id\":\"https:\/\/colpromat.com\/#organization\"},\"potentialAction\":[{\"@type\":\"SearchAction\",\"target\":{\"@type\":\"EntryPoint\",\"urlTemplate\":\"https:\/\/colpromat.com\/?s={search_term_string}\"},\"query-input\":\"required name=search_term_string\"}],\"inLanguage\":\"es\"},{\"@type\":\"Organization\",\"@id\":\"https:\/\/colpromat.com\/#organization\",\"name\":\"COLPROMAT\",\"url\":\"https:\/\/colpromat.com\/\",\"logo\":{\"@type\":\"ImageObject\",\"inLanguage\":\"es\",\"@id\":\"https:\/\/colpromat.com\/#\/schema\/logo\/image\/\",\"url\":\"https:\/\/colpromat.com\/wp-content\/uploads\/2024\/03\/carta_procuradors-transformed.png\",\"contentUrl\":\"https:\/\/colpromat.com\/wp-content\/uploads\/2024\/03\/carta_procuradors-transformed.png\",\"width\":906,\"height\":356,\"caption\":\"COLPROMAT\"},\"image\":{\"@id\":\"https:\/\/colpromat.com\/#\/schema\/logo\/image\/\"}},{\"@type\":\"Person\",\"@id\":\"https:\/\/colpromat.com\/#\/schema\/person\/694e2844e457a423cfa1be524fc57ac2\",\"name\":\"colpromat_admin\",\"image\":{\"@type\":\"ImageObject\",\"inLanguage\":\"es\",\"@id\":\"https:\/\/colpromat.com\/#\/schema\/person\/image\/\",\"url\":\"https:\/\/secure.gravatar.com\/avatar\/09e9453bf472ec16e182db2f7081ffaf?s=96&d=mm&r=g\",\"contentUrl\":\"https:\/\/secure.gravatar.com\/avatar\/09e9453bf472ec16e182db2f7081ffaf?s=96&d=mm&r=g\",\"caption\":\"colpromat_admin\"},\"url\":\"https:\/\/colpromat.com\/es\/author\/colpromat_admin\/\"}]}<\/script>\n<!-- \/ Yoast SEO plugin. -->","yoast_head_json":{"title":"VISITA INSTITUCIONAL PROYECTO PALACIO DE JUSTICIA EN MATAR\u00d3 - COLPROMAT","robots":{"index":"index","follow":"follow","max-snippet":"max-snippet:-1","max-image-preview":"max-image-preview:large","max-video-preview":"max-video-preview:-1"},"canonical":"https:\/\/colpromat.com\/es\/visita-institucional-proyecto-palacio-de-justicia-en-mataro\/","og_locale":"es_ES","og_type":"article","og_title":"VISITA INSTITUCIONAL PROYECTO PALACIO DE JUSTICIA EN MATAR\u00d3 - COLPROMAT","og_description":"El proyecto del Palacio de Justicia en Matar\u00f3 ya se ha licitado y ser\u00e1 una realidad en el a\u00f1o 2028, con una inversi\u00f3n de 9,5 millones de euros La Consellera Ubasart se reuni\u00f3 el viernes 12\/07\/24 en Matar\u00f3 con autoridades judiciales, operadores jur\u00eddicos y representantes locales para presentarles el nuevo proyecto para los Juzgados de&hellip;","og_url":"https:\/\/colpromat.com\/es\/visita-institucional-proyecto-palacio-de-justicia-en-mataro\/","og_site_name":"COLPROMAT","article_published_time":"2024-07-22T15:08:30+00:00","og_image":[{"width":1280,"height":932,"url":"https:\/\/colpromat.com\/wp-content\/uploads\/2024\/07\/msg-1001802569155-4036.jpg","type":"image\/jpeg"}],"author":"colpromat_admin","twitter_card":"summary_large_image","twitter_misc":{"Escrito por":"colpromat_admin","Tiempo de lectura":"1 minuto"},"schema":{"@context":"https:\/\/schema.org","@graph":[{"@type":"Article","@id":"https:\/\/colpromat.com\/es\/visita-institucional-proyecto-palacio-de-justicia-en-mataro\/#article","isPartOf":{"@id":"https:\/\/colpromat.com\/es\/visita-institucional-proyecto-palacio-de-justicia-en-mataro\/"},"author":{"name":"colpromat_admin","@id":"https:\/\/colpromat.com\/#\/schema\/person\/694e2844e457a423cfa1be524fc57ac2"},"headline":"VISITA INSTITUCIONAL PROYECTO PALACIO DE JUSTICIA EN MATAR\u00d3","datePublished":"2024-07-22T15:08:30+00:00","dateModified":"2024-07-22T15:08:30+00:00","mainEntityOfPage":{"@id":"https:\/\/colpromat.com\/es\/visita-institucional-proyecto-palacio-de-justicia-en-mataro\/"},"wordCount":84,"commentCount":0,"publisher":{"@id":"https:\/\/colpromat.com\/#organization"},"image":{"@id":"https:\/\/colpromat.com\/es\/visita-institucional-proyecto-palacio-de-justicia-en-mataro\/#primaryimage"},"thumbnailUrl":"https:\/\/colpromat.com\/wp-content\/uploads\/2024\/07\/msg-1001802569155-4036.jpg","articleSection":["Sin categorizar"],"inLanguage":"es","potentialAction":[{"@type":"CommentAction","name":"Comment","target":["https:\/\/colpromat.com\/es\/visita-institucional-proyecto-palacio-de-justicia-en-mataro\/#respond"]}]},{"@type":"WebPage","@id":"https:\/\/colpromat.com\/es\/visita-institucional-proyecto-palacio-de-justicia-en-mataro\/","url":"https:\/\/colpromat.com\/es\/visita-institucional-proyecto-palacio-de-justicia-en-mataro\/","name":"VISITA INSTITUCIONAL PROYECTO PALACIO DE JUSTICIA EN MATAR\u00d3 - COLPROMAT","isPartOf":{"@id":"https:\/\/colpromat.com\/#website"},"primaryImageOfPage":{"@id":"https:\/\/colpromat.com\/es\/visita-institucional-proyecto-palacio-de-justicia-en-mataro\/#primaryimage"},"image":{"@id":"https:\/\/colpromat.com\/es\/visita-institucional-proyecto-palacio-de-justicia-en-mataro\/#primaryimage"},"thumbnailUrl":"https:\/\/colpromat.com\/wp-content\/uploads\/2024\/07\/msg-1001802569155-4036.jpg","datePublished":"2024-07-22T15:08:30+00:00","dateModified":"2024-07-22T15:08:30+00:00","breadcrumb":{"@id":"https:\/\/colpromat.com\/es\/visita-institucional-proyecto-palacio-de-justicia-en-mataro\/#breadcrumb"},"inLanguage":"es","potentialAction":[{"@type":"ReadAction","target":["https:\/\/colpromat.com\/es\/visita-institucional-proyecto-palacio-de-justicia-en-mataro\/"]}]},{"@type":"ImageObject","inLanguage":"es","@id":"https:\/\/colpromat.com\/es\/visita-institucional-proyecto-palacio-de-justicia-en-mataro\/#primaryimage","url":"https:\/\/colpromat.com\/wp-content\/uploads\/2024\/07\/msg-1001802569155-4036.jpg","contentUrl":"https:\/\/colpromat.com\/wp-content\/uploads\/2024\/07\/msg-1001802569155-4036.jpg","width":1280,"height":932},{"@type":"BreadcrumbList","@id":"https:\/\/colpromat.com\/es\/visita-institucional-proyecto-palacio-de-justicia-en-mataro\/#breadcrumb","itemListElement":[{"@type":"ListItem","position":1,"name":"Home","item":"https:\/\/colpromat.com\/es\/"},{"@type":"ListItem","position":2,"name":"VISITA INSTITUCIONAL PROYECTO PALACIO DE JUSTICIA EN MATAR\u00d3"}]},{"@type":"WebSite","@id":"https:\/\/colpromat.com\/#website","url":"https:\/\/colpromat.com\/","name":"COLPROMAT","description":"Col\u00b7legi Procuradors de Matar\u00f3","publisher":{"@id":"https:\/\/colpromat.com\/#organization"},"potentialAction":[{"@type":"SearchAction","target":{"@type":"EntryPoint","urlTemplate":"https:\/\/colpromat.com\/?s={search_term_string}"},"query-input":"required name=search_term_string"}],"inLanguage":"es"},{"@type":"Organization","@id":"https:\/\/colpromat.com\/#organization","name":"COLPROMAT","url":"https:\/\/colpromat.com\/","logo":{"@type":"ImageObject","inLanguage":"es","@id":"https:\/\/colpromat.com\/#\/schema\/logo\/image\/","url":"https:\/\/colpromat.com\/wp-content\/uploads\/2024\/03\/carta_procuradors-transformed.png","contentUrl":"https:\/\/colpromat.com\/wp-content\/uploads\/2024\/03\/carta_procuradors-transformed.png","width":906,"height":356,"caption":"COLPROMAT"},"image":{"@id":"https:\/\/colpromat.com\/#\/schema\/logo\/image\/"}},{"@type":"Person","@id":"https:\/\/colpromat.com\/#\/schema\/person\/694e2844e457a423cfa1be524fc57ac2","name":"colpromat_admin","image":{"@type":"ImageObject","inLanguage":"es","@id":"https:\/\/colpromat.com\/#\/schema\/person\/image\/","url":"https:\/\/secure.gravatar.com\/avatar\/09e9453bf472ec16e182db2f7081ffaf?s=96&d=mm&r=g","contentUrl":"https:\/\/secure.gravatar.com\/avatar\/09e9453bf472ec16e182db2f7081ffaf?s=96&d=mm&r=g","caption":"colpromat_admin"},"url":"https:\/\/colpromat.com\/es\/author\/colpromat_admin\/"}]}},"_links":{"self":[{"href":"https:\/\/colpromat.com\/es\/wp-json\/wp\/v2\/posts\/7386"}],"collection":[{"href":"https:\/\/colpromat.com\/es\/wp-json\/wp\/v2\/posts"}],"about":[{"href":"https:\/\/colpromat.com\/es\/wp-json\/wp\/v2\/types\/post"}],"author":[{"embeddable":true,"href":"https:\/\/colpromat.com\/es\/wp-json\/wp\/v2\/users\/2"}],"replies":[{"embeddable":true,"href":"https:\/\/colpromat.com\/es\/wp-json\/wp\/v2\/comments?post=7386"}],"version-history":[{"count":4,"href":"https:\/\/colpromat.com\/es\/wp-json\/wp\/v2\/posts\/7386\/revisions"}],"predecessor-version":[{"id":7390,"href":"https:\/\/colpromat.com\/es\/wp-json\/wp\/v2\/posts\/7386\/revisions\/7390"}],"wp:featuredmedia":[{"embeddable":true,"href":"https:\/\/colpromat.com\/es\/wp-json\/wp\/v2\/media\/7337"}],"wp:attachment":[{"href":"https:\/\/colpromat.com\/es\/wp-json\/wp\/v2\/media?parent=7386"}],"wp:term":[{"taxonomy":"category","embeddable":true,"href":"https:\/\/colpromat.com\/es\/wp-json\/wp\/v2\/categories?post=7386"},{"taxonomy":"post_tag","embeddable":true,"href":"https:\/\/colpromat.com\/es\/wp-json\/wp\/v2\/tags?post=7386"},{"taxonomy":"post_series","embeddable":true,"href":"https:\/\/colpromat.com\/es\/wp-json\/wp\/v2\/post_series?post=7386"}],"curies":[{"name":"wp","href":"https:\/\/api.w.org\/{rel}","templated":true}]}}